{"id":14943,"date":"2015-02-24T15:47:28","date_gmt":"2015-02-24T15:47:28","guid":{"rendered":"http:\/\/ms2.nyrany.cz\/?p=14943"},"modified":"2015-02-24T15:47:28","modified_gmt":"2015-02-24T15:47:28","slug":"akce-duben","status":"publish","type":"post","link":"http:\/\/ms2.nyrany.cz\/?p=14943","title":{"rendered":"AKCE  &#8211;  DUBEN"},"content":{"rendered":"<p>1.4. \u00a0<strong>Velikono\u010dn\u00ed nad\u00edlka<\/strong> \u2013 dopoledne<\/p>\n<p>2.4.\u00a0 <strong>Plav\u00e1n\u00ed <\/strong>?<\/p>\n<p>2.4. \u2013 3.4.\u00a0 <strong>Velikono\u010dn\u00ed pr\u00e1zdniny<\/strong> \u2013 omezen\u00fd provoz M\u0160<\/p>\n<p>7.4.\u00a0 SKC\u00a0 <strong>V\u00edla Modrovl\u00e1ska<\/strong> v\u00a09.00 \u2013 30,-<\/p>\n<p>9.4.\u00a0 <strong>Plav\u00e1n\u00ed<\/strong><\/p>\n<p>14.4.\u00a0 <strong>Den otev\u0159en\u00fdch dve\u0159\u00ed<\/strong> &#8211; 8.00 \u2013 10.00<\/p>\n<p>14.4.\u00a0 <strong>DDM<\/strong> (\u010derven\u00e1 t\u0159\u00edda)<\/p>\n<p>16.4.\u00a0 <strong>Plav\u00e1n\u00ed<\/strong><\/p>\n<p>21.4.\u00a0 <strong>V\u00fdlet do ZOO<\/strong> &#8211; 7.30 \u2013 11.30<\/p>\n<p>23.4.\u00a0 <strong>Plav\u00e1n\u00ed<\/strong><\/p>\n<p>28.4.\u00a0 <strong>Den otev\u0159en\u00fdch dve\u0159\u00ed<\/strong> &#8211; 8.00 \u2013 10.00<\/p>\n<p><strong>\u00a0\u00a0\u00a0\u00a0\u00a0\u00a0\u00a0\u00a0\u00a0 Z\u00e1pis do M\u0160<\/strong> \u2013 9.00 \u2013 11.00\u00a0 a 12.30 \u2013 15.30<\/p>\n<p>28.4.\u00a0 <strong>DDM<\/strong> (zelen\u00e1 t\u0159\u00edda)<\/p>\n<p>29.4.\u00a0 <strong>M\u00e1jka<\/strong> v\u00a016.30 na zahrad\u011b M\u0160<\/p>\n<p>30.4.\u00a0 <strong>Indi\u00e1nsk\u00e9 p\u0159\u00edb\u011bhy<\/strong> \u2013 v\u00fdukov\u00fd program pro M\u0160 \u2013 dopoledne 40,-<\/p>\n<p>30.4.\u00a0 <strong>Plav\u00e1n\u00ed<\/strong><\/p>\n<p>&nbsp;<\/p>\n<p>&nbsp;<\/p>\n","protected":false},"excerpt":{"rendered":"<p>1.4. \u00a0Velikono\u010dn\u00ed nad\u00edlka \u2013 dopoledne 2.4.\u00a0 Plav\u00e1n\u00ed ? 2.4. \u2013 3.4.\u00a0 Velikono\u010dn\u00ed pr\u00e1zdniny \u2013 omezen\u00fd provoz M\u0160 7.4.\u00a0 SKC\u00a0 V\u00edla Modrovl\u00e1ska v\u00a09.00 \u2013 30,- 9.4.\u00a0 Plav\u00e1n\u00ed 14.4.\u00a0 Den otev\u0159en\u00fdch dve\u0159\u00ed &#8211; 8.00 \u2013 10.00 14.4.\u00a0 DDM (\u010derven\u00e1 t\u0159\u00edda) 16.4.\u00a0 Plav\u00e1n\u00ed 21.4.\u00a0 V\u00fdlet do ZOO &#8211; 7.30 \u2013 11.30 23.4.\u00a0 Plav\u00e1n\u00ed 28.4.\u00a0 Den otev\u0159en\u00fdch dve\u0159\u00ed &#8211; &hellip; <\/p>\n<p class=\"link-more\"><a href=\"http:\/\/ms2.nyrany.cz\/?p=14943\" class=\"more-link\">Continue reading<span class=\"screen-reader-text\"> &#8222;AKCE  &#8211;  DUBEN&#8220;<\/span><\/a><\/p>\n","protected":false},"author":7,"featured_media":0,"comment_status":"closed","ping_status":"closed","sticky":false,"template":"","format":"standard","meta":[],"categories":[10,17],"tags":[],"_links":{"self":[{"href":"http:\/\/ms2.nyrany.cz\/index.php?rest_route=\/wp\/v2\/posts\/14943"}],"collection":[{"href":"http:\/\/ms2.nyrany.cz\/index.php?rest_route=\/wp\/v2\/posts"}],"about":[{"href":"http:\/\/ms2.nyrany.cz\/index.php?rest_route=\/wp\/v2\/types\/post"}],"author":[{"embeddable":true,"href":"http:\/\/ms2.nyrany.cz\/index.php?rest_route=\/wp\/v2\/users\/7"}],"replies":[{"embeddable":true,"href":"http:\/\/ms2.nyrany.cz\/index.php?rest_route=%2Fwp%2Fv2%2Fcomments&post=14943"}],"version-history":[{"count":1,"href":"http:\/\/ms2.nyrany.cz\/index.php?rest_route=\/wp\/v2\/posts\/14943\/revisions"}],"predecessor-version":[{"id":14945,"href":"http:\/\/ms2.nyrany.cz\/index.php?rest_route=\/wp\/v2\/posts\/14943\/revisions\/14945"}],"wp:attachment":[{"href":"http:\/\/ms2.nyrany.cz\/index.php?rest_route=%2Fwp%2Fv2%2Fmedia&parent=14943"}],"wp:term":[{"taxonomy":"category","embeddable":true,"href":"http:\/\/ms2.nyrany.cz\/index.php?rest_route=%2Fwp%2Fv2%2Fcategories&post=14943"},{"taxonomy":"post_tag","embeddable":true,"href":"http:\/\/ms2.nyrany.cz\/index.php?rest_route=%2Fwp%2Fv2%2Ftags&post=14943"}],"curies":[{"name":"wp","href":"https:\/\/api.w.org\/{rel}","templated":true}]}}