{"id":18842,"date":"2016-02-24T16:39:33","date_gmt":"2016-02-24T16:39:33","guid":{"rendered":"http:\/\/ms2.nyrany.cz\/?p=18842"},"modified":"2016-02-26T15:37:39","modified_gmt":"2016-02-26T15:37:39","slug":"akce-brezen-2","status":"publish","type":"post","link":"http:\/\/ms2.nyrany.cz\/?p=18842","title":{"rendered":"AKCE &#8211; B\u0158EZEN"},"content":{"rendered":"<p>&nbsp;<\/p>\n<p>1.3.\u00a0 Divadlo Alfa Plze\u0148 \u2013 Kol\u00edb\u00e1 se velryba \u2013 125,- odjezd v\u00a08.15<\/p>\n<p>2.3. T\u0159\u00eddn\u00ed sch\u016fzka B\u00edl\u00e9 t\u0159\u00eddy &#8211; 16.00<\/p>\n<p>3.3.\u00a0 Plav\u00e1n\u00ed p\u0159ed\u0161koln\u00edch d\u011bt\u00ed<\/p>\n<p>4.3. T\u0159\u00eddn\u00ed sch\u016fzka Modr\u00e9 t\u0159\u00eddy 16.00<\/p>\n<p>4.3. \u00a0 Velikonoce na statku \u2013 Modr\u00e1 a Oran\u017eov\u00e1 t\u0159\u00edda<\/p>\n<p>10. 3. Plav\u00e1n\u00ed<\/p>\n<p>15.3. DDM \u2013 Zelen\u00e1 t\u0159\u00edda 9.30<\/p>\n<p>16.3. Vyn\u00e1\u0161en\u00ed Mo\u0159eny \u2013 dopoledn\u00ed akce d\u011bt\u00ed M\u0160<\/p>\n<p>17.3. Plav\u00e1n\u00ed<\/p>\n<p>18.3. Velikono\u010dn\u00ed trhy na n\u00e1m\u011bst\u00ed v\u00a0N\u00fd\u0159anech<\/p>\n<p>23.3. Zaj\u00ed\u010dkova velikono\u010dn\u00ed nad\u00edlka na zahrad\u011b M\u0160 \u2013 dopoledne<\/p>\n<p>24.3. Velikono\u010dn\u00ed pr\u00e1zdniny \u2013 omezen\u00fd provoz M\u0160<\/p>\n<p>25.3. St\u00e1tn\u00ed sv\u00e1tek<\/p>\n<p>28.3. Velikono\u010dn\u00ed pond\u011bl\u00ed<\/p>\n<p>29.3. DDM \u2013 Oran\u017eov\u00e1 t\u0159\u00edda 9.30<\/p>\n<p>31.3. Plav\u00e1n\u00ed<\/p>\n","protected":false},"excerpt":{"rendered":"<p>&nbsp; 1.3.\u00a0 Divadlo Alfa Plze\u0148 \u2013 Kol\u00edb\u00e1 se velryba \u2013 125,- odjezd v\u00a08.15 2.3. T\u0159\u00eddn\u00ed sch\u016fzka B\u00edl\u00e9 t\u0159\u00eddy &#8211; 16.00 3.3.\u00a0 Plav\u00e1n\u00ed p\u0159ed\u0161koln\u00edch d\u011bt\u00ed 4.3. T\u0159\u00eddn\u00ed sch\u016fzka Modr\u00e9 t\u0159\u00eddy 16.00 4.3. \u00a0 Velikonoce na statku \u2013 Modr\u00e1 a Oran\u017eov\u00e1 t\u0159\u00edda 10. 3. Plav\u00e1n\u00ed 15.3. DDM \u2013 Zelen\u00e1 t\u0159\u00edda 9.30 16.3. Vyn\u00e1\u0161en\u00ed Mo\u0159eny \u2013 dopoledn\u00ed akce &hellip; <\/p>\n<p class=\"link-more\"><a href=\"http:\/\/ms2.nyrany.cz\/?p=18842\" class=\"more-link\">Continue reading<span class=\"screen-reader-text\"> &#8222;AKCE &#8211; B\u0158EZEN&#8220;<\/span><\/a><\/p>\n","protected":false},"author":7,"featured_media":0,"comment_status":"closed","ping_status":"closed","sticky":false,"template":"","format":"standard","meta":[],"categories":[10],"tags":[],"_links":{"self":[{"href":"http:\/\/ms2.nyrany.cz\/index.php?rest_route=\/wp\/v2\/posts\/18842"}],"collection":[{"href":"http:\/\/ms2.nyrany.cz\/index.php?rest_route=\/wp\/v2\/posts"}],"about":[{"href":"http:\/\/ms2.nyrany.cz\/index.php?rest_route=\/wp\/v2\/types\/post"}],"author":[{"embeddable":true,"href":"http:\/\/ms2.nyrany.cz\/index.php?rest_route=\/wp\/v2\/users\/7"}],"replies":[{"embeddable":true,"href":"http:\/\/ms2.nyrany.cz\/index.php?rest_route=%2Fwp%2Fv2%2Fcomments&post=18842"}],"version-history":[{"count":3,"href":"http:\/\/ms2.nyrany.cz\/index.php?rest_route=\/wp\/v2\/posts\/18842\/revisions"}],"predecessor-version":[{"id":18967,"href":"http:\/\/ms2.nyrany.cz\/index.php?rest_route=\/wp\/v2\/posts\/18842\/revisions\/18967"}],"wp:attachment":[{"href":"http:\/\/ms2.nyrany.cz\/index.php?rest_route=%2Fwp%2Fv2%2Fmedia&parent=18842"}],"wp:term":[{"taxonomy":"category","embeddable":true,"href":"http:\/\/ms2.nyrany.cz\/index.php?rest_route=%2Fwp%2Fv2%2Fcategories&post=18842"},{"taxonomy":"post_tag","embeddable":true,"href":"http:\/\/ms2.nyrany.cz\/index.php?rest_route=%2Fwp%2Fv2%2Ftags&post=18842"}],"curies":[{"name":"wp","href":"https:\/\/api.w.org\/{rel}","templated":true}]}}