{"id":20048,"date":"2016-06-02T13:30:22","date_gmt":"2016-06-02T13:30:22","guid":{"rendered":"http:\/\/ms2.nyrany.cz\/?p=20048"},"modified":"2016-06-02T13:30:22","modified_gmt":"2016-06-02T13:30:22","slug":"pozor-zmena","status":"publish","type":"post","link":"http:\/\/ms2.nyrany.cz\/?p=20048","title":{"rendered":"!!!!! POZOR, ZM\u011aNA !!!!!"},"content":{"rendered":"<p><strong>Mil\u00ed rodi\u010de,<\/strong><\/p>\n<p>na podn\u011bt n\u011bkter\u00fdch z V\u00e1s jsme <span style=\"color: #ff0000\"><strong>zru\u0161ili dopoledn\u00ed vnit\u0159n\u00ed VYLOU\u010cEN\u00cd P\u0158ED\u0160KOL\u00c1K\u016e<\/strong><\/span> bez \u00fa\u010dasti rodi\u010d\u016f a nahradili jej spole\u010dn\u00fdm odpoledn\u00edm setk\u00e1n\u00edm :-).<\/p>\n<p style=\"text-align: center\"><span style=\"color: #008000\"><strong>SLAVNOSTN\u00cd VYLOU\u010cEN\u00cd P\u0158ED\u0160KOL\u00c1K\u016e<\/strong><\/span><\/p>\n<p style=\"text-align: center\"><span style=\"color: #008000\">za \u00fa\u010dasti rodi\u010d\u016f a dal\u0161\u00edch z\u00e1jemc\u016f prob\u011bhne ve <span style=\"text-decoration: underline\"><strong>\u010dtvrtek 23. 6. 2016 od 16:00<\/strong><\/span><strong> <\/strong><\/span><br \/>\n<span style=\"color: #008000\"><strong>na &#8222;Slun\u00ed\u010dkov\u00e9 zahrad\u011b&#8220;<\/strong> u dlouh\u00e9 skluzavky na oran\u017eov\u00e9m p\u00edsku.<\/span><\/p>\n<p style=\"text-align: center\">\n<p style=\"text-align: left\"><strong>PROGRAM DNE:<\/strong><\/p>\n<ul>\n<li><span style=\"font-weight: 300\">16:00 &#8211; Zah\u00e1jen\u00ed<\/span><\/li>\n<li><span style=\"font-weight: 300\">Slavnostn\u00ed vylou\u010den\u00ed p\u0159ed\u0161koln\u00edch d\u011bt\u00ed<\/span><\/li>\n<li><span style=\"font-weight: 300\">Voln\u00e1 z\u00e1bava, op\u00e9k\u00e1n\u00ed bu\u0159t\u016f, zahradn\u00ed hr\u00e1tky&#8230; \ud83d\ude42<\/span><\/li>\n<\/ul>\n<p style=\"text-align: left\"><strong>S sebou doporu\u010dujeme:<\/strong><\/p>\n<ul>\n<li><span style=\"font-weight: 300\"><span style=\"text-decoration: underline\"><strong>MRAVEN\u010c\u00cd KOST\u00ddM<\/strong><\/span> v\u00fdhodou;<\/span><\/li>\n<li><span style=\"font-weight: 300\"><strong>vidlice<\/strong> na op\u00e9k\u00e1n\u00ed bu\u0159t\u016f, t\u00e1cky, ho\u0159\u010dici, ke\u010dup, <strong>VU\u0158TY<\/strong>, brambory, pit\u00ed&#8230;<br \/>\n<\/span><span style=\"font-weight: 300\">dle libosti :-).<\/span><\/li>\n<\/ul>\n<div style=\"text-align: center\"><strong><br \/>\n<\/strong><\/div>\n<div style=\"text-align: center\"><strong>!!!T\u011a\u0160\u00cdME SE NA V\u00c1S!!!<\/strong><\/div>\n","protected":false},"excerpt":{"rendered":"<p>Mil\u00ed rodi\u010de, na podn\u011bt n\u011bkter\u00fdch z V\u00e1s jsme zru\u0161ili dopoledn\u00ed vnit\u0159n\u00ed VYLOU\u010cEN\u00cd P\u0158ED\u0160KOL\u00c1K\u016e bez \u00fa\u010dasti rodi\u010d\u016f a nahradili jej spole\u010dn\u00fdm odpoledn\u00edm setk\u00e1n\u00edm :-). SLAVNOSTN\u00cd VYLOU\u010cEN\u00cd P\u0158ED\u0160KOL\u00c1K\u016e za \u00fa\u010dasti rodi\u010d\u016f a dal\u0161\u00edch z\u00e1jemc\u016f prob\u011bhne ve \u010dtvrtek 23. 6. 2016 od 16:00 na &#8222;Slun\u00ed\u010dkov\u00e9 zahrad\u011b&#8220; u dlouh\u00e9 skluzavky na oran\u017eov\u00e9m p\u00edsku. PROGRAM DNE: 16:00 &#8211; Zah\u00e1jen\u00ed Slavnostn\u00ed &hellip; <\/p>\n<p class=\"link-more\"><a href=\"http:\/\/ms2.nyrany.cz\/?p=20048\" class=\"more-link\">Continue reading<span class=\"screen-reader-text\"> &#8222;!!!!! POZOR, ZM\u011aNA !!!!!&#8220;<\/span><\/a><\/p>\n","protected":false},"author":12,"featured_media":0,"comment_status":"closed","ping_status":"closed","sticky":false,"template":"","format":"standard","meta":[],"categories":[10],"tags":[],"_links":{"self":[{"href":"http:\/\/ms2.nyrany.cz\/index.php?rest_route=\/wp\/v2\/posts\/20048"}],"collection":[{"href":"http:\/\/ms2.nyrany.cz\/index.php?rest_route=\/wp\/v2\/posts"}],"about":[{"href":"http:\/\/ms2.nyrany.cz\/index.php?rest_route=\/wp\/v2\/types\/post"}],"author":[{"embeddable":true,"href":"http:\/\/ms2.nyrany.cz\/index.php?rest_route=\/wp\/v2\/users\/12"}],"replies":[{"embeddable":true,"href":"http:\/\/ms2.nyrany.cz\/index.php?rest_route=%2Fwp%2Fv2%2Fcomments&post=20048"}],"version-history":[{"count":2,"href":"http:\/\/ms2.nyrany.cz\/index.php?rest_route=\/wp\/v2\/posts\/20048\/revisions"}],"predecessor-version":[{"id":20050,"href":"http:\/\/ms2.nyrany.cz\/index.php?rest_route=\/wp\/v2\/posts\/20048\/revisions\/20050"}],"wp:attachment":[{"href":"http:\/\/ms2.nyrany.cz\/index.php?rest_route=%2Fwp%2Fv2%2Fmedia&parent=20048"}],"wp:term":[{"taxonomy":"category","embeddable":true,"href":"http:\/\/ms2.nyrany.cz\/index.php?rest_route=%2Fwp%2Fv2%2Fcategories&post=20048"},{"taxonomy":"post_tag","embeddable":true,"href":"http:\/\/ms2.nyrany.cz\/index.php?rest_route=%2Fwp%2Fv2%2Ftags&post=20048"}],"curies":[{"name":"wp","href":"https:\/\/api.w.org\/{rel}","templated":true}]}}