{"id":32507,"date":"2021-05-04T13:33:54","date_gmt":"2021-05-04T13:33:54","guid":{"rendered":"http:\/\/ms2.nyrany.cz\/?p=32507"},"modified":"2021-05-04T13:33:54","modified_gmt":"2021-05-04T13:33:54","slug":"zelenaskove-si-uzili-carodejnicky-den","status":"publish","type":"post","link":"http:\/\/ms2.nyrany.cz\/?p=32507","title":{"rendered":"Zele\u0148\u00e1skov\u00e9 si u\u017eili \u010darod\u011bjnick\u00fd den!"},"content":{"rendered":"<div id='gallery-1' class='gallery galleryid-32507 gallery-columns-3 gallery-size-thumbnail'><figure class='gallery-item'>\n\t\t\t<div class='gallery-icon landscape'>\n\t\t\t\t<a href='http:\/\/ms2.nyrany.cz\/wp-content\/uploads\/2021\/05\/179858455_4076760445696297_3818548966080336364_n-1.jpg' rel=\"wp-prettyPhoto[g32507]\"><img width=\"150\" height=\"150\" src=\"http:\/\/ms2.nyrany.cz\/wp-content\/uploads\/2021\/05\/179858455_4076760445696297_3818548966080336364_n-1-150x150.jpg\" class=\"attachment-thumbnail size-thumbnail\" alt=\"\" loading=\"lazy\" sizes=\"100vw\" \/><\/a>\n\t\t\t<\/div><\/figure><figure class='gallery-item'>\n\t\t\t<div class='gallery-icon landscape'>\n\t\t\t\t<a href='http:\/\/ms2.nyrany.cz\/wp-content\/uploads\/2021\/05\/179922875_235063401727763_6162428398735749643_n-1.jpg' rel=\"wp-prettyPhoto[g32507]\"><img width=\"150\" height=\"150\" src=\"http:\/\/ms2.nyrany.cz\/wp-content\/uploads\/2021\/05\/179922875_235063401727763_6162428398735749643_n-1-150x150.jpg\" class=\"attachment-thumbnail size-thumbnail\" alt=\"\" loading=\"lazy\" sizes=\"100vw\" \/><\/a>\n\t\t\t<\/div><\/figure><figure class='gallery-item'>\n\t\t\t<div class='gallery-icon landscape'>\n\t\t\t\t<a href='http:\/\/ms2.nyrany.cz\/wp-content\/uploads\/2021\/05\/179529799_460892608326195_8378650861666734604_n-1.jpg' rel=\"wp-prettyPhoto[g32507]\"><img width=\"150\" height=\"150\" src=\"http:\/\/ms2.nyrany.cz\/wp-content\/uploads\/2021\/05\/179529799_460892608326195_8378650861666734604_n-1-150x150.jpg\" class=\"attachment-thumbnail size-thumbnail\" alt=\"\" loading=\"lazy\" sizes=\"100vw\" \/><\/a>\n\t\t\t<\/div><\/figure>\n\t\t<\/div>\n\n<p>D\u011bti p\u0159iv\u00edtaly n\u00e1v\u0161t\u011bvu z \u010darod\u011bjnick\u00e9ho r\u00e1je a venku pro\u0161ly \u010darod\u011bjnickou stezkou a\u017e do\u00a0 za\u010d\u00e1rovan\u00e9ho alt\u00e1nku, kde na n\u011b \u010dekala odm\u011bna! \ud83d\ude42<\/p>\n","protected":false},"excerpt":{"rendered":"<p>D\u011bti p\u0159iv\u00edtaly n\u00e1v\u0161t\u011bvu z \u010darod\u011bjnick\u00e9ho r\u00e1je a venku pro\u0161ly \u010darod\u011bjnickou stezkou a\u017e do\u00a0 za\u010d\u00e1rovan\u00e9ho alt\u00e1nku, kde na n\u011b \u010dekala odm\u011bna! \ud83d\ude42<\/p>\n","protected":false},"author":30,"featured_media":0,"comment_status":"closed","ping_status":"closed","sticky":false,"template":"","format":"standard","meta":[],"categories":[11,5],"tags":[],"_links":{"self":[{"href":"http:\/\/ms2.nyrany.cz\/index.php?rest_route=\/wp\/v2\/posts\/32507"}],"collection":[{"href":"http:\/\/ms2.nyrany.cz\/index.php?rest_route=\/wp\/v2\/posts"}],"about":[{"href":"http:\/\/ms2.nyrany.cz\/index.php?rest_route=\/wp\/v2\/types\/post"}],"author":[{"embeddable":true,"href":"http:\/\/ms2.nyrany.cz\/index.php?rest_route=\/wp\/v2\/users\/30"}],"replies":[{"embeddable":true,"href":"http:\/\/ms2.nyrany.cz\/index.php?rest_route=%2Fwp%2Fv2%2Fcomments&post=32507"}],"version-history":[{"count":3,"href":"http:\/\/ms2.nyrany.cz\/index.php?rest_route=\/wp\/v2\/posts\/32507\/revisions"}],"predecessor-version":[{"id":32516,"href":"http:\/\/ms2.nyrany.cz\/index.php?rest_route=\/wp\/v2\/posts\/32507\/revisions\/32516"}],"wp:attachment":[{"href":"http:\/\/ms2.nyrany.cz\/index.php?rest_route=%2Fwp%2Fv2%2Fmedia&parent=32507"}],"wp:term":[{"taxonomy":"category","embeddable":true,"href":"http:\/\/ms2.nyrany.cz\/index.php?rest_route=%2Fwp%2Fv2%2Fcategories&post=32507"},{"taxonomy":"post_tag","embeddable":true,"href":"http:\/\/ms2.nyrany.cz\/index.php?rest_route=%2Fwp%2Fv2%2Ftags&post=32507"}],"curies":[{"name":"wp","href":"https:\/\/api.w.org\/{rel}","templated":true}]}}