{"id":37558,"date":"2024-08-28T05:11:19","date_gmt":"2024-08-28T05:11:19","guid":{"rendered":"http:\/\/ms2.nyrany.cz\/?p=37558"},"modified":"2024-10-02T06:54:00","modified_gmt":"2024-10-02T06:54:00","slug":"uplata-za-predskolni-vzdelavani-v-materske-skole-ve-skolnim-roce-2024-2025","status":"publish","type":"post","link":"http:\/\/ms2.nyrany.cz\/?p=37558","title":{"rendered":"<a href=\"https:\/\/ms1.nyrany.cz\/?p=14678\">\u00daplata za p\u0159ed\u0161koln\u00ed vzd\u011bl\u00e1v\u00e1n\u00ed v mate\u0159sk\u00e9 \u0161kole ve \u0161koln\u00edm roce 2024-2025<\/a>"},"content":{"rendered":"\n<p>V\u00e1\u017een\u00ed rodi\u010de,<\/p>\n\n\n\n<p><strong>od 1. 9.2024 doch\u00e1z\u00ed k nav\u00fd\u0161en\u00ed \u00faplaty v obou mate\u0159sk\u00fdch \u0161kol\u00e1ch v<\/strong>&nbsp;<strong>N\u00fd\u0159anech na 800 K\u010d.<\/strong><\/p>\n\n\n\n<p><strong>P\u0159\u00edsp\u011bvek od M\u011b\u00da N\u00fd\u0159any pro d\u00edt\u011b a jednoho z\u00e1konn\u00e9ho z\u00e1stupce s trval\u00fdm pobytem v N\u00fd\u0159anech z\u016fst\u00e1v\u00e1 stejn\u00fd.<\/strong>&nbsp;(Pokud m\u00e1&nbsp;<strong>d\u00edt\u011b a alespo\u0148 jeden ze z\u00e1konn\u00fdch z\u00e1stupc\u016f trval\u00e9 bydli\u0161t\u011b v N\u00fd\u0159anech,<\/strong>&nbsp;bude \u00faplata sn\u00ed\u017eena o 300,-K\u010d m\u011bs\u00ed\u010dn\u011b t\u00edm, \u017ee tento p\u0159\u00edsp\u011bvek bude hrazen z\u0159izovatelem, p\u0159\u00edmo na \u00fa\u010det Z\u0160 a M\u0160 N\u00fd\u0159any&nbsp;<strong>(tzn. 500,-K\u010d z\u00e1konn\u00fd z\u00e1stupce, 300,-K\u010d z\u0159izovatel)<\/strong>.<\/p>\n\n\n\n<p>Rodi\u010de nov\u011b nastupuj\u00edc\u00edch d\u011bt\u00ed obdr\u017eeli \u017e\u00e1dost p\u0159i vyzved\u00e1v\u00e1n\u00ed rozhodnut\u00ed v m\u011bs\u00edci \u010dervnu. \u017d\u00e1dost je k dipozici ke sta\u017een\u00ed i pod t\u00edmto p\u0159\u00edsp\u011bvkem. Je nutn\u00e9 ji co nejd\u0159\u00edve vypln\u011bnou odevzdat M\u011b\u00da N\u00fd\u0159any ekonomick\u00fd odbor .<\/p>\n\n\n\n<p><a href=\"http:\/\/ms1.nyrany.cz\/wp-content\/uploads\/2024\/08\/Zadost_o_prispevek_za_predskolni_vzdelavani-2-1.odt\">Zadost_o_prispevek_za_predskolni_vzdelavani-2-1<\/a><a href=\"http:\/\/ms1.nyrany.cz\/wp-content\/uploads\/2024\/08\/Zadost_o_prispevek_za_predskolni_vzdelavani-2-1.odt\">St\u00e1hnout<\/a><\/p>\n\n\n\n<p>\u00daplatu nehrad\u00ed rodi\u010de, jejich\u017e d\u011bti do 31.8.2024 dos\u00e1hnou 5 let a d\u011bti s odkladem \u0161koln\u00ed doch\u00e1zky.<\/p>\n\n\n\n<p><strong>Nov\u011b od 1.9.2024 maj\u00ed n\u00e1rok na osvobozen\u00ed od \u00faplaty rodiny, kter\u00e9<\/strong>&nbsp;<strong>pob\u00edraj\u00ed d\u00e1vku \u2013 p\u0159\u00eddavek na d\u00edt\u011b.<\/strong><\/p>\n\n\n\n<p><strong>Pokud budou rodi\u010de cht\u00edt b\u00fdt osvobozeni od 1.9.2024 od \u00faplaty, doru\u010d\u00ed<\/strong>\u00a0<strong>\u0159editeli Z\u00e1kladn\u00ed \u0161koly a Mate\u0159sk\u00e9 \u0161koly v N\u00fd\u0159anech \u017e\u00e1dost o osvobozen\u00ed a<\/strong>\u00a0<strong>potvrzen\u00ed o p\u0159izn\u00e1n\u00ed d\u00e1vky od \u00da\u0159adu pr\u00e1ce posledn\u00ed t\u00fdden v srpnu..<\/strong><\/p>\n\n\n\n<p><strong>Povinnost\u00ed rodi\u010de je ozn\u00e1mit p\u0159\u00edpadnou zm\u011bnu p\u0159izn\u00e1n\u00ed d\u00e1vky v pr\u016fb\u011bhu<\/strong>&nbsp;<strong>roku!<\/strong><\/p>\n\n\n\n<p><\/p>\n","protected":false},"excerpt":{"rendered":"<p>V\u00e1\u017een\u00ed rodi\u010de, od 1. 9.2024 doch\u00e1z\u00ed k nav\u00fd\u0161en\u00ed \u00faplaty v obou mate\u0159sk\u00fdch \u0161kol\u00e1ch v&nbsp;N\u00fd\u0159anech na 800 K\u010d. P\u0159\u00edsp\u011bvek od M\u011b\u00da N\u00fd\u0159any pro d\u00edt\u011b a jednoho z\u00e1konn\u00e9ho z\u00e1stupce s trval\u00fdm pobytem v N\u00fd\u0159anech z\u016fst\u00e1v\u00e1 stejn\u00fd.&nbsp;(Pokud m\u00e1&nbsp;d\u00edt\u011b a alespo\u0148 jeden ze z\u00e1konn\u00fdch z\u00e1stupc\u016f trval\u00e9 bydli\u0161t\u011b v N\u00fd\u0159anech,&nbsp;bude \u00faplata sn\u00ed\u017eena o 300,-K\u010d m\u011bs\u00ed\u010dn\u011b t\u00edm, \u017ee tento p\u0159\u00edsp\u011bvek bude &hellip; <\/p>\n<p class=\"link-more\"><a href=\"http:\/\/ms2.nyrany.cz\/?p=37558\" class=\"more-link\">Continue reading<span class=\"screen-reader-text\"> &#8222;<a href=\"https:\/\/ms1.nyrany.cz\/?p=14678\">\u00daplata za p\u0159ed\u0161koln\u00ed vzd\u011bl\u00e1v\u00e1n\u00ed v mate\u0159sk\u00e9 \u0161kole ve \u0161koln\u00edm roce 2024-2025<\/a>&#8222;<\/span><\/a><\/p>\n","protected":false},"author":11,"featured_media":0,"comment_status":"closed","ping_status":"closed","sticky":true,"template":"","format":"standard","meta":[],"categories":[17],"tags":[],"_links":{"self":[{"href":"http:\/\/ms2.nyrany.cz\/index.php?rest_route=\/wp\/v2\/posts\/37558"}],"collection":[{"href":"http:\/\/ms2.nyrany.cz\/index.php?rest_route=\/wp\/v2\/posts"}],"about":[{"href":"http:\/\/ms2.nyrany.cz\/index.php?rest_route=\/wp\/v2\/types\/post"}],"author":[{"embeddable":true,"href":"http:\/\/ms2.nyrany.cz\/index.php?rest_route=\/wp\/v2\/users\/11"}],"replies":[{"embeddable":true,"href":"http:\/\/ms2.nyrany.cz\/index.php?rest_route=%2Fwp%2Fv2%2Fcomments&post=37558"}],"version-history":[{"count":3,"href":"http:\/\/ms2.nyrany.cz\/index.php?rest_route=\/wp\/v2\/posts\/37558\/revisions"}],"predecessor-version":[{"id":37725,"href":"http:\/\/ms2.nyrany.cz\/index.php?rest_route=\/wp\/v2\/posts\/37558\/revisions\/37725"}],"wp:attachment":[{"href":"http:\/\/ms2.nyrany.cz\/index.php?rest_route=%2Fwp%2Fv2%2Fmedia&parent=37558"}],"wp:term":[{"taxonomy":"category","embeddable":true,"href":"http:\/\/ms2.nyrany.cz\/index.php?rest_route=%2Fwp%2Fv2%2Fcategories&post=37558"},{"taxonomy":"post_tag","embeddable":true,"href":"http:\/\/ms2.nyrany.cz\/index.php?rest_route=%2Fwp%2Fv2%2Ftags&post=37558"}],"curies":[{"name":"wp","href":"https:\/\/api.w.org\/{rel}","templated":true}]}}